{"id":13865,"date":"2025-11-05T13:31:30","date_gmt":"2025-11-05T13:31:30","guid":{"rendered":"https:\/\/datas.mg.gov.br\/site\/?p=13865"},"modified":"2025-11-05T13:31:43","modified_gmt":"2025-11-05T13:31:43","slug":"convocacao","status":"publish","type":"post","link":"https:\/\/datas.mg.gov.br\/site\/convocacao\/","title":{"rendered":"CONVOCA\u00c7\u00c3O"},"content":{"rendered":"<p>A Prefeitura Municipal de Datas, por meio \u00a0Secretaria Municipal de Administra\u00e7\u00e3o e Recursos Humanos, no uso de suas atribui\u00e7\u00f5es legais e de acordo com o resultado final homologado do Concurso P\u00fablico n\u00ba001\/2024, destinado ao provimento de cargos efetivos do quadro de pessoal desta municipalidade, CONVOCA o(s) candidato(s) abaixo relacionado(s) para apresentar-se na Secretaria \u00a0de Recursos Humanos, situada \u00e0 Pra\u00e7a do Divino, n\u00ba10, no prazo de 30 dias a contar da data de publica\u00e7\u00e3o, para fins de entrega de documenta\u00e7\u00e3o e posterior posse no cargo.<\/p>\n<p>&nbsp;<\/p>\n<p><a href=\"http:\/\/datas.mg.gov.br\/site\/wp-content\/uploads\/2025\/11\/CAMILA.pdf\">CAMILA<\/a> <a href=\"http:\/\/datas.mg.gov.br\/site\/wp-content\/uploads\/2025\/11\/CLEUMARA.pdf\">CLEUMARA<\/a> <a href=\"http:\/\/datas.mg.gov.br\/site\/wp-content\/uploads\/2025\/11\/ELIDA.pdf\">ELIDA<\/a> <a href=\"http:\/\/datas.mg.gov.br\/site\/wp-content\/uploads\/2025\/11\/KARINA.pdf\">KARINA<\/a> <a href=\"http:\/\/datas.mg.gov.br\/site\/wp-content\/uploads\/2025\/11\/MARIDAYSE.pdf\">MARIDAYSE<\/a> <a href=\"http:\/\/datas.mg.gov.br\/site\/wp-content\/uploads\/2025\/11\/MIZAEL.pdf\">MIZAEL<\/a> <a href=\"http:\/\/datas.mg.gov.br\/site\/wp-content\/uploads\/2025\/11\/NATAHALY.pdf\">NATAHALY<\/a><\/p>\n","protected":false},"excerpt":{"rendered":"<p>A Prefeitura Municipal de Datas, por meio \u00a0Secretaria Municipal de Administra\u00e7\u00e3o e Recursos Humanos, no uso de suas atribui\u00e7\u00f5es legais e de acordo com o resultado final homologado do Concurso P\u00fablico n\u00ba001\/2024, destinado ao provimento de cargos efetivos do quadro de pessoal desta municipalidade, CONVOCA o(s) candidato(s) abaixo relacionado(s) para apresentar-se na Secretaria \u00a0de Recursos [&hellip;]<\/p>\n","protected":false},"author":3,"featured_media":13490,"comment_status":"open","ping_status":"open","sticky":false,"template":"","format":"standard","meta":{"footnotes":""},"categories":[48,47,5,3],"tags":[],"class_list":["post-13865","post","type-post","status-publish","format-standard","has-post-thumbnail","hentry","category-adm","category-destaques","category-educacao","category-ultimas-noticias"],"_links":{"self":[{"href":"https:\/\/datas.mg.gov.br\/site\/wp-json\/wp\/v2\/posts\/13865","targetHints":{"allow":["GET"]}}],"collection":[{"href":"https:\/\/datas.mg.gov.br\/site\/wp-json\/wp\/v2\/posts"}],"about":[{"href":"https:\/\/datas.mg.gov.br\/site\/wp-json\/wp\/v2\/types\/post"}],"author":[{"embeddable":true,"href":"https:\/\/datas.mg.gov.br\/site\/wp-json\/wp\/v2\/users\/3"}],"replies":[{"embeddable":true,"href":"https:\/\/datas.mg.gov.br\/site\/wp-json\/wp\/v2\/comments?post=13865"}],"version-history":[{"count":2,"href":"https:\/\/datas.mg.gov.br\/site\/wp-json\/wp\/v2\/posts\/13865\/revisions"}],"predecessor-version":[{"id":13874,"href":"https:\/\/datas.mg.gov.br\/site\/wp-json\/wp\/v2\/posts\/13865\/revisions\/13874"}],"wp:featuredmedia":[{"embeddable":true,"href":"https:\/\/datas.mg.gov.br\/site\/wp-json\/wp\/v2\/media\/13490"}],"wp:attachment":[{"href":"https:\/\/datas.mg.gov.br\/site\/wp-json\/wp\/v2\/media?parent=13865"}],"wp:term":[{"taxonomy":"category","embeddable":true,"href":"https:\/\/datas.mg.gov.br\/site\/wp-json\/wp\/v2\/categories?post=13865"},{"taxonomy":"post_tag","embeddable":true,"href":"https:\/\/datas.mg.gov.br\/site\/wp-json\/wp\/v2\/tags?post=13865"}],"curies":[{"name":"wp","href":"https:\/\/api.w.org\/{rel}","templated":true}]}}