{"id":13333,"date":"2025-02-06T14:20:45","date_gmt":"2025-02-06T14:20:45","guid":{"rendered":"https:\/\/datas.mg.gov.br\/site\/?p=13333"},"modified":"2025-02-06T14:29:54","modified_gmt":"2025-02-06T14:29:54","slug":"volta-as-aulas-em-datas-ano-letivo-2025-comeca-no-dia-10-de-fevereiro","status":"publish","type":"post","link":"https:\/\/datas.mg.gov.br\/site\/volta-as-aulas-em-datas-ano-letivo-2025-comeca-no-dia-10-de-fevereiro\/","title":{"rendered":"Volta \u00e0s Aulas em Datas: Ano Letivo 2025 Come\u00e7a no Dia 10 de Fevereiro"},"content":{"rendered":"\t\t<div data-elementor-type=\"wp-post\" data-elementor-id=\"13333\" class=\"elementor elementor-13333\">\n\t\t\t\t\t\t<section class=\"elementor-section elementor-top-section elementor-element elementor-element-56690ee elementor-section-boxed elementor-section-height-default elementor-section-height-default\" data-id=\"56690ee\" data-element_type=\"section\">\n\t\t\t\t\t\t<div class=\"elementor-container elementor-column-gap-default\">\n\t\t\t\t\t<div class=\"elementor-column elementor-col-100 elementor-top-column elementor-element elementor-element-f6233b6\" data-id=\"f6233b6\" data-element_type=\"column\">\n\t\t\t<div class=\"elementor-widget-wrap elementor-element-populated\">\n\t\t\t\t\t\t<div class=\"elementor-element elementor-element-a2d13cf elementor-widget elementor-widget-text-editor\" data-id=\"a2d13cf\" data-element_type=\"widget\" data-widget_type=\"text-editor.default\">\n\t\t\t\t<div class=\"elementor-widget-container\">\n\t\t\t<style>\/*! elementor - v3.20.0 - 26-03-2024 *\/\n.elementor-widget-text-editor.elementor-drop-cap-view-stacked .elementor-drop-cap{background-color:#69727d;color:#fff}.elementor-widget-text-editor.elementor-drop-cap-view-framed .elementor-drop-cap{color:#69727d;border:3px solid;background-color:transparent}.elementor-widget-text-editor:not(.elementor-drop-cap-view-default) .elementor-drop-cap{margin-top:8px}.elementor-widget-text-editor:not(.elementor-drop-cap-view-default) .elementor-drop-cap-letter{width:1em;height:1em}.elementor-widget-text-editor .elementor-drop-cap{float:left;text-align:center;line-height:1;font-size:50px}.elementor-widget-text-editor .elementor-drop-cap-letter{display:inline-block}<\/style>\t\t\t\t<p>A Prefeitura Municipal de Datas, por meio da Secretaria de Educa\u00e7\u00e3o, anuncia o in\u00edcio do ano letivo de 2025 para o dia <strong>10 de fevereiro<\/strong>. As escolas municipais j\u00e1 est\u00e3o preparadas para receber os alunos com um ambiente renovado e acolhedor, garantindo um ensino de qualidade para todas as crian\u00e7as e adolescentes do munic\u00edpio.<\/p><p>Para este ano, a administra\u00e7\u00e3o municipal investiu em melhorias na infraestrutura das escolas, capacita\u00e7\u00e3o dos professores e novos materiais pedag\u00f3gicos, com o objetivo de oferecer um aprendizado mais din\u00e2mico e eficiente.<\/p><p>A secret\u00e1ria de Educa\u00e7\u00e3o refor\u00e7ou a import\u00e2ncia do retorno \u00e0s aulas com organiza\u00e7\u00e3o e compromisso. <em>\u201cEstamos empenhados em proporcionar um ambiente seguro e motivador para nossos alunos e professores. A educa\u00e7\u00e3o \u00e9 a base para o futuro, e trabalhamos para que nossos estudantes tenham todas as condi\u00e7\u00f5es para aprender e se desenvolver\u201d<\/em>, afirmou.<\/p><p>Os pais e respons\u00e1veis devem ficar atentos ao calend\u00e1rio escolar e \u00e0s orienta\u00e7\u00f5es da equipe pedag\u00f3gica. A Prefeitura deseja a todos os alunos, professores e colaboradores um ano letivo de <strong>muito aprendizado e sucesso!<\/strong> \ud83d\udcda\u270f\ufe0f<\/p>\t\t\t\t\t\t<\/div>\n\t\t\t\t<\/div>\n\t\t\t\t\t<\/div>\n\t\t<\/div>\n\t\t\t\t\t<\/div>\n\t\t<\/section>\n\t\t\t\t<\/div>\n\t\t","protected":false},"excerpt":{"rendered":"<p>A Prefeitura Municipal de Datas, por meio da Secretaria de Educa\u00e7\u00e3o, anuncia o in\u00edcio do ano letivo de 2025 para o dia 10 de fevereiro. As escolas municipais j\u00e1 est\u00e3o preparadas para receber os alunos com um ambiente renovado e acolhedor, garantindo um ensino de qualidade para todas as crian\u00e7as e adolescentes do munic\u00edpio. Para [&hellip;]<\/p>\n","protected":false},"author":1,"featured_media":13334,"comment_status":"open","ping_status":"open","sticky":false,"template":"","format":"standard","meta":{"footnotes":""},"categories":[47,5],"tags":[],"class_list":["post-13333","post","type-post","status-publish","format-standard","has-post-thumbnail","hentry","category-destaques","category-educacao"],"_links":{"self":[{"href":"https:\/\/datas.mg.gov.br\/site\/wp-json\/wp\/v2\/posts\/13333","targetHints":{"allow":["GET"]}}],"collection":[{"href":"https:\/\/datas.mg.gov.br\/site\/wp-json\/wp\/v2\/posts"}],"about":[{"href":"https:\/\/datas.mg.gov.br\/site\/wp-json\/wp\/v2\/types\/post"}],"author":[{"embeddable":true,"href":"https:\/\/datas.mg.gov.br\/site\/wp-json\/wp\/v2\/users\/1"}],"replies":[{"embeddable":true,"href":"https:\/\/datas.mg.gov.br\/site\/wp-json\/wp\/v2\/comments?post=13333"}],"version-history":[{"count":5,"href":"https:\/\/datas.mg.gov.br\/site\/wp-json\/wp\/v2\/posts\/13333\/revisions"}],"predecessor-version":[{"id":13350,"href":"https:\/\/datas.mg.gov.br\/site\/wp-json\/wp\/v2\/posts\/13333\/revisions\/13350"}],"wp:featuredmedia":[{"embeddable":true,"href":"https:\/\/datas.mg.gov.br\/site\/wp-json\/wp\/v2\/media\/13334"}],"wp:attachment":[{"href":"https:\/\/datas.mg.gov.br\/site\/wp-json\/wp\/v2\/media?parent=13333"}],"wp:term":[{"taxonomy":"category","embeddable":true,"href":"https:\/\/datas.mg.gov.br\/site\/wp-json\/wp\/v2\/categories?post=13333"},{"taxonomy":"post_tag","embeddable":true,"href":"https:\/\/datas.mg.gov.br\/site\/wp-json\/wp\/v2\/tags?post=13333"}],"curies":[{"name":"wp","href":"https:\/\/api.w.org\/{rel}","templated":true}]}}